{"id":1666,"date":"2020-08-28T12:29:26","date_gmt":"2020-08-28T10:29:26","guid":{"rendered":"http:\/\/www.essener-skiklub.de\/?p=1666"},"modified":"2022-01-17T22:19:49","modified_gmt":"2022-01-17T20:19:49","slug":"absage-des-esk-sommerfest-2020","status":"publish","type":"post","link":"http:\/\/www.essener-skiklub.de\/?p=1666","title":{"rendered":"Absage des ESK-Sommerfest 2020"},"content":{"rendered":"\n<p>Liebe Skiklub-Mitglieder,<br><br>schweren Herzens haben wir uns dazu entschieden, das diesj\u00e4hrige Sommerfest aufgrund der aktuellen Corona-Lage&nbsp;<strong>abzusagen<\/strong>&nbsp;(urspr. geplant f\u00fcr Sonntag, den 6. September im Haus Scheppen). Aufgrund der weiterhin steigenden Infektionszahlen m\u00f6chten wir kein Risiko eingehen und f\u00fcrchten, dass das gesellige Beisammensein mit gro\u00dfen Abst\u00e4nden zu kurz kommen w\u00fcrde. \u270b\ud83c\udffb<\/p>\n\n\n\n<!--more-->\n\n\n\n<p>Wie bei so vielen anderen Veranstaltungen auch, ist aufgeschoben aber nicht aufgehoben und wir freuen uns schon jetzt darauf, wenn wir wieder zusammen feiern k\u00f6nnen! \ud83d\ude0a<br><br>Bis dahin bleibt gesund!<br><br>Sportliche Gr\u00fc\u00dfe<br>Jana (f\u00fcr das ESK-Eventteam)<\/p>\n","protected":false},"excerpt":{"rendered":"<p>Liebe Skiklub-Mitglieder, schweren Herzens haben wir uns dazu entschieden, das diesj\u00e4hrige Sommerfest aufgrund der aktuellen Corona-Lage&nbsp;abzusagen&nbsp;(urspr. geplant f\u00fcr Sonntag, den 6. September im Haus Scheppen). Aufgrund der weiterhin steigenden Infektionszahlen &hellip; <a href=\"http:\/\/www.essener-skiklub.de\/?p=1666\" class=\"more-link\"><span class=\"screen-reader-text\">Absage des ESK-Sommerfest 2020<\/span> weiterlesen <span class=\"meta-nav\">&rarr;<\/span><\/a><\/p>\n","protected":false},"author":2,"featured_media":0,"comment_status":"closed","ping_status":"closed","sticky":false,"template":"","format":"standard","meta":{"footnotes":""},"categories":[3],"tags":[],"class_list":["post-1666","post","type-post","status-publish","format-standard","hentry","category-verein"],"_links":{"self":[{"href":"http:\/\/www.essener-skiklub.de\/index.php?rest_route=\/wp\/v2\/posts\/1666","targetHints":{"allow":["GET"]}}],"collection":[{"href":"http:\/\/www.essener-skiklub.de\/index.php?rest_route=\/wp\/v2\/posts"}],"about":[{"href":"http:\/\/www.essener-skiklub.de\/index.php?rest_route=\/wp\/v2\/types\/post"}],"author":[{"embeddable":true,"href":"http:\/\/www.essener-skiklub.de\/index.php?rest_route=\/wp\/v2\/users\/2"}],"replies":[{"embeddable":true,"href":"http:\/\/www.essener-skiklub.de\/index.php?rest_route=%2Fwp%2Fv2%2Fcomments&post=1666"}],"version-history":[{"count":4,"href":"http:\/\/www.essener-skiklub.de\/index.php?rest_route=\/wp\/v2\/posts\/1666\/revisions"}],"predecessor-version":[{"id":1729,"href":"http:\/\/www.essener-skiklub.de\/index.php?rest_route=\/wp\/v2\/posts\/1666\/revisions\/1729"}],"wp:attachment":[{"href":"http:\/\/www.essener-skiklub.de\/index.php?rest_route=%2Fwp%2Fv2%2Fmedia&parent=1666"}],"wp:term":[{"taxonomy":"category","embeddable":true,"href":"http:\/\/www.essener-skiklub.de\/index.php?rest_route=%2Fwp%2Fv2%2Fcategories&post=1666"},{"taxonomy":"post_tag","embeddable":true,"href":"http:\/\/www.essener-skiklub.de\/index.php?rest_route=%2Fwp%2Fv2%2Ftags&post=1666"}],"curies":[{"name":"wp","href":"https:\/\/api.w.org\/{rel}","templated":true}]}}