{"id":743,"date":"2017-02-15T17:36:37","date_gmt":"2017-02-15T17:36:37","guid":{"rendered":"http:\/\/www.essener-skiklub.de\/?p=743"},"modified":"2022-01-17T22:20:17","modified_gmt":"2022-01-17T20:20:17","slug":"westdeutsche-schuelermeisterschaften-altastenberg","status":"publish","type":"post","link":"https:\/\/www.essener-skiklub.de\/?p=743","title":{"rendered":"Westdeutsche Sch\u00fclermeisterschaften, Altastenberg"},"content":{"rendered":"<p>Am 11. und 12. Februar fanden in Altastenberg auf dem Westfalenhang die Westdeutschen Sch\u00fclermeisterschaften im Slalom und Reisenslalom statt.<\/p>\n<p>Drei Essener Sch\u00fclerinnen und Sch\u00fcler, Chiara Moelich, Mirja Teichert und Luca B\u00e4umker waren auch dabei. Mirja gelang es , im Riesenslalom den dritten Platz in der AK U16 zu erreichen.<\/p>\n<p><img loading=\"lazy\" decoding=\"async\" class=\"alignnone size-medium wp-image-745 aligncenter\" src=\"http:\/\/www.essener-skiklub.de\/wp-content\/uploads\/2017\/02\/IMG_20170212_Sieger_WSV_U16w1-300x225.jpg\" alt=\"IMG_20170212_Sieger_WSV_U16w[1]\" width=\"300\" height=\"225\" srcset=\"https:\/\/www.essener-skiklub.de\/wp-content\/uploads\/2017\/02\/IMG_20170212_Sieger_WSV_U16w1-300x225.jpg 300w, https:\/\/www.essener-skiklub.de\/wp-content\/uploads\/2017\/02\/IMG_20170212_Sieger_WSV_U16w1-768x576.jpg 768w, https:\/\/www.essener-skiklub.de\/wp-content\/uploads\/2017\/02\/IMG_20170212_Sieger_WSV_U16w1-1024x768.jpg 1024w\" sizes=\"auto, (max-width: 300px) 100vw, 300px\" \/><\/p>\n<p>Hier geht&#8217;s zu den Ergebnislisten. (<a href=\"http:\/\/www.rennmeldung.de\/listen\/01792\/ergebnisliste1.pdf\" class=\"mtli_attachment mtli_pdf\" target=\"_blank\" rel=\"noopener noreferrer\">Slalom<\/a> und <a href=\"http:\/\/www.rennmeldung.de\/listen\/01792\/ergebnisliste2.pdf\" class=\"mtli_attachment mtli_pdf\" target=\"_blank\" rel=\"noopener noreferrer\">Riesenslalom<\/a>)<\/p>\n","protected":false},"excerpt":{"rendered":"<p>Am 11. und 12. Februar fanden in Altastenberg auf dem Westfalenhang die Westdeutschen Sch\u00fclermeisterschaften im Slalom und Reisenslalom statt. Drei Essener Sch\u00fclerinnen und Sch\u00fcler, Chiara Moelich, Mirja Teichert und Luca &hellip; <a href=\"https:\/\/www.essener-skiklub.de\/?p=743\" class=\"more-link\"><span class=\"screen-reader-text\">Westdeutsche Sch\u00fclermeisterschaften, Altastenberg<\/span> weiterlesen <span class=\"meta-nav\">&rarr;<\/span><\/a><\/p>\n","protected":false},"author":5,"featured_media":0,"comment_status":"closed","ping_status":"closed","sticky":false,"template":"","format":"standard","meta":{"footnotes":""},"categories":[4],"tags":[],"class_list":["post-743","post","type-post","status-publish","format-standard","hentry","category-wintersport"],"_links":{"self":[{"href":"https:\/\/www.essener-skiklub.de\/index.php?rest_route=\/wp\/v2\/posts\/743","targetHints":{"allow":["GET"]}}],"collection":[{"href":"https:\/\/www.essener-skiklub.de\/index.php?rest_route=\/wp\/v2\/posts"}],"about":[{"href":"https:\/\/www.essener-skiklub.de\/index.php?rest_route=\/wp\/v2\/types\/post"}],"author":[{"embeddable":true,"href":"https:\/\/www.essener-skiklub.de\/index.php?rest_route=\/wp\/v2\/users\/5"}],"replies":[{"embeddable":true,"href":"https:\/\/www.essener-skiklub.de\/index.php?rest_route=%2Fwp%2Fv2%2Fcomments&post=743"}],"version-history":[{"count":5,"href":"https:\/\/www.essener-skiklub.de\/index.php?rest_route=\/wp\/v2\/posts\/743\/revisions"}],"predecessor-version":[{"id":1493,"href":"https:\/\/www.essener-skiklub.de\/index.php?rest_route=\/wp\/v2\/posts\/743\/revisions\/1493"}],"wp:attachment":[{"href":"https:\/\/www.essener-skiklub.de\/index.php?rest_route=%2Fwp%2Fv2%2Fmedia&parent=743"}],"wp:term":[{"taxonomy":"category","embeddable":true,"href":"https:\/\/www.essener-skiklub.de\/index.php?rest_route=%2Fwp%2Fv2%2Fcategories&post=743"},{"taxonomy":"post_tag","embeddable":true,"href":"https:\/\/www.essener-skiklub.de\/index.php?rest_route=%2Fwp%2Fv2%2Ftags&post=743"}],"curies":[{"name":"wp","href":"https:\/\/api.w.org\/{rel}","templated":true}]}}